{"id":6117,"date":"2023-11-20T07:02:00","date_gmt":"2023-11-20T06:02:00","guid":{"rendered":"https:\/\/supermama.empressia.dev\/zajecia-dodatkowe-kiedy-powiedziec-dosyc\/"},"modified":"2024-07-15T13:47:46","modified_gmt":"2024-07-15T11:47:46","slug":"zajecia-dodatkowe-kiedy-powiedziec-dosyc","status":"publish","type":"post","link":"https:\/\/supermama.edu.pl\/zajecia-dodatkowe-kiedy-powiedziec-dosyc\/","title":{"rendered":"Zaj\u0119cia dodatkowe &#8211; kiedy powiedzie\u0107 dosy\u0107?"},"content":{"rendered":"\n<p class=\"eplus-wrapper wp-block-paragraph\">My\u015blisz sobie, mo\u017ce to za ma\u0142o i zapisujesz je jeszcze na dodatkow\u0105 pi\u0142k\u0119 no\u017cn\u0105 \u2013 mo\u017ce zostanie drugim Lewandowskim? Balet- kto wie, mo\u017ce b\u0119dzie s\u0142awnym tancerzem oraz na arabski, poniewa\u017c mo\u017ce op\u0142aci si\u0119 handel z tym regionem \u015bwiata? Oczywi\u015bcie, lekko przekoloryzowa\u0142am, ale znam oferty przedszkoli dzia\u0142aj\u0105cych w ten spos\u00f3b.<\/p>\n\n\n\n<h3 class=\" wp-block-heading eplus-wrapper\">Zaj\u0119cia dodatkowe &#8211; kiedy powiedzie\u0107 do\u015b\u0107?<\/h3>\n\n\n\n<p class=\"eplus-wrapper wp-block-paragraph\">Jestem osob\u0105, kt\u00f3ra lubi proponowa\u0107 swoim podopiecznym r\u00f3\u017cnorodne warsztaty oraz zaj\u0119cia dodatkowe, do wyboru. Trzeba jednak pami\u0119ta\u0107, \u017ce podstaw\u0105 codziennego dnia jest pewnego rodzaju stabilizacja, u\u0142o\u017cenie, kt\u00f3re daje nam poczucie bezpiecze\u0144stwa. Dok\u0142adnie tak samo jest w pracy. Wi\u0119kszo\u015b\u0107 z nas nie lubi monotonii, ale lubi wiedzie\u0107 na co mo\u017cemy liczy\u0107 w danym dniu. R\u00f3\u017cnorodno\u015b\u0107 w przypadku dzieci jest wa\u017cna pod k\u0105tem temat\u00f3w, jakie porusza si\u0119 w codziennym bloku dydaktycznym. Wychodz\u0119 z za\u0142o\u017cenia, \u017ce nie ma temat\u00f3w za trudnych. Je\u017celi nie umiem czego\u015b dzieciom prosto wyt\u0142umaczy\u0107 to znaczy, \u017ce sama tego do ko\u0144ca nie rozumiem. Wszechstronno\u015b\u0107 j\u0119zyka, kt\u00f3ry u\u017cywamy oraz zagadnie\u0144. kt\u00f3re omawiamy jest podstaw\u0105 budowania ciekawych \u015bwiata ludzi. Rozwojowo wa\u017cniejsze jest, w mojej ocenie, codzienne urozmaicenie tematyczne, a nie przebod\u017acowanie naszych podopiecznych ci\u0105giem zmieniaj\u0105cych si\u0119 cyklicznych zaj\u0119\u0107. To po prostu m\u0119czy i zbyt bardzo stymuluje uk\u0142ad nerwowy oraz zaburza integracj\u0119 sensoryczn\u0105 (o integracji sensorycznej pisa\u0142am <a href=\"https:\/\/supermama.expert\/2023\/11\/13\/integracja-sensoryczna-co-to-jest-i-jak-ja-wspierac\/\">tutaj<\/a>). <\/p>\n\n\n\n<figure class=\" wp-block-image size-large eplus-wrapper\"><img decoding=\"async\" src=\"https:\/\/supermama.edu.pl\/wp-content\/uploads\/2024\/04\/przedszkolaki-1024x640-1.png\" alt=\"\" class=\"wp-image-8361\"\/><\/figure>\n\n\n\n<p class=\"eplus-wrapper wp-block-paragraph\">W mojej ocenie, stoimy u bram kolejnej \u201erewolucji technologicznej\u201d. Cz\u0142owieka zast\u0119puje sztuczna inteligencja w kwestiach i zawodach, kt\u00f3rych wcze\u015bniej, my zwykli \u015bmiertelnicy, nie przewidzieli\u015bmy. Jaka jest w takim razie nasza przysz\u0142o\u015b\u0107 jako ludzi? Gdzie b\u0119d\u0105 pracowa\u0107 nasze dzieci?<\/p>\n\n\n\n<p class=\"eplus-wrapper wp-block-paragraph\">Osobi\u015bcie uwa\u017cam, \u017ce praca, kt\u00f3r\u0105 mamy w tej chwili do wykonania my, jako rodzice oraz pedagodzy (szeroko rozumiani), to przekalibrowanie umiej\u0119tno\u015bci, kt\u00f3re maj\u0105 posiada\u0107 nasze dzieci. Patrz\u0105c na zmieniaj\u0105ce si\u0119 \u015brodowisko gospodarcze oraz technologiczne, stawiam na: kreatywno\u015b\u0107, tw\u00f3rczo\u015b\u0107 oraz elastyczno\u015b\u0107. Te cechy uznaj\u0119, za czo\u0142owe, jako optymaln\u0105 baz\u0119 dla naszych dzieci na przysz\u0142ym rynku pracy. Uwa\u017cam, \u017ce te cechy, jeszcze przez jaki\u015b czas b\u0119d\u0105 nieosi\u0105galne przez sztuczn\u0105 inteligencj\u0119. B\u0119d\u0105 wi\u0119c wysoko na listach os\u00f3b odpowiedzialnych za dzia\u0142 HR w instytucjach i przedsi\u0119biorstwach.<\/p>\n\n\n\n<h3 class=\" wp-block-heading eplus-wrapper\">W takim razie jak tego dokona\u0107?<\/h3>\n\n\n\n<p class=\"eplus-wrapper wp-block-paragraph\">Kreatywno\u015b\u0107, tw\u00f3rczo\u015b\u0107 s\u0105 cechami, kt\u00f3re mo\u017cemy wy\u0107wiczy\u0107 i robimy to od male\u0144ko\u015bci. Cechy te bazuj\u0105 na zdobytej wiedzy. \u017beby m\u00f3c tworzy\u0107 i wymy\u015bla\u0107 nowe rozwi\u0105zania, trzeba najpierw zgromadzi\u0107 obszern\u0105 baz\u0119 danych. Przy wykorzystaniu kt\u00f3rej, stworzymy co\u015b nowego, cennego, innowacyjnego. Z tego powodu tak wa\u017cne jest czytanie i ogl\u0105danie z dzie\u0107mi przer\u00f3\u017cnych tematycznych ksi\u0105\u017cek. Wwyb\u00f3r na rynku r\u00f3\u017cnego rodzaju atlas\u00f3w, album\u00f3w dla dzieci jest ogromny. Dzi\u0119ki temu mo\u017cemy poszerza\u0107 razem z dzie\u0107mi s\u0142ownictwo, dotycz\u0105ce danego tematu. Mo\u017cemy dzieli\u0107 si\u0119 swoimi pasjami i hobby, chodzi\u0107 na wystawy oraz r\u00f3\u017cnego rodzaju przedstawienia. Na pocz\u0105tku, kiedy dzieci s\u0105 ma\u0142e proponujemy im bardzo r\u00f3\u017cnorodne tematy. W momencie kiedy widzimy, \u017ce s\u0105 czym\u015b szczeg\u00f3lnie zainteresowane i wykazuj\u0105 \u201etalent\u201d, zaw\u0119\u017camy tematyk\u0119.<\/p>\n\n\n\n<p class=\"eplus-wrapper wp-block-paragraph\">W przedszkolu blok dydaktyczny powinien by\u0107 planowany podobnie. Warto porusza\u0107 r\u00f3\u017cne tematy, niekoniecznie tak oczywiste jak zmienno\u015b\u0107 natury, \u015bwi\u0119ta okoliczno\u015bciowe, ale r\u00f3wnie\u017c mniej oczywiste jak, s\u0142awni Polacy, kosmos, piramid\u0119 \u017cywieniow\u0105, \u017cywio\u0142y, inscenizacje wierszy dla dzieci, podstawowe prawa natury oraz proste prawa fizyczne i mechaniczne\u2026 Ogranicza nas tylko w\u0142asna wyobra\u017ania.<\/p>\n\n\n\n<p class=\"eplus-wrapper wp-block-paragraph\">Nieocenione jest r\u00f3wnie\u017c w budowaniu wyobra\u017ani, kt\u00f3ra jest sprz\u0119\u017cona z kreatywno\u015bci\u0105: le\u017cenie w ciszy i obserwowanie przep\u0142ywaj\u0105cych po niebie chmur, czas wolny na \u201ekombinowanie\u201d i eksperymentowanie, marzenie i g\u0142\u00f3wkowanie co mo\u017cna zrobi\u0107 nieoczywistego z przedmiot\u00f3w dost\u0119pnych wok\u00f3\u0142.<\/p>\n\n\n\n<h3 class=\" wp-block-heading eplus-wrapper\">Czym si\u0119 kierowa\u0107 wybieraj\u0105c zaj\u0119cia dodatkowe?<\/h3>\n\n\n\n<p class=\"eplus-wrapper wp-block-paragraph\">Moim kluczem jest zaopiekowanie si\u0119 podstawowymi kompetencjami cz\u0142owieka: rozwojem ruchowym, emocjonalnym, j\u0119zykowym, logiczno-matematycznym, artystycznym, wp\u0142ywaj\u0105cym na poczucie pi\u0119kna. <\/p>\n\n\n\n<p class=\"eplus-wrapper wp-block-paragraph\">Uwa\u017cam, \u017ce u dzieci w wieku 3-6 lat przede wszystkim najwa\u017cniejszy jest rozw\u00f3j motoryczny, czyli wszelkiego rodzaju zaj\u0119cia ruchowe, KT\u00d3RE ZAINTERESUJ\u0104 DZIECKO (nie przenosimy swoich niezrealizowanych marze\u0144 i aspiracji na dzieci!). Nie zaobserwowano, aby nadmiar zaj\u0119\u0107 ruchowych, szczeg\u00f3lnie u dzieci aktywnych ruchowo wp\u0142ywa\u0142 negatywnie na rozw\u00f3j. Trzeba jednak pami\u0119ta\u0107 o tym, \u017ceby zachowa\u0107 odpowiedni czas mi\u0119dzy intensywn\u0105 aktywno\u015bci\u0105 ruchow\u0105, a snem. Jest to warunkiem regeneruj\u0105cego odpoczynku nocnego, w czasie kt\u00f3rego m\u00f3zg musi mie\u0107 czas na spokojne przeanalizowanie i zapisanie wszystkich informacji z dnia.<\/p>\n\n\n\n<figure class=\" wp-block-image size-large eplus-wrapper\"><img decoding=\"async\" src=\"https:\/\/supermama.edu.pl\/wp-content\/uploads\/2024\/04\/zajecia-fizyczne-1024x640-1.png\" alt=\"\" class=\"wp-image-8362\"\/><\/figure>\n\n\n\n<p class=\"eplus-wrapper wp-block-paragraph\">Drugim bardzo pozytywnie wp\u0142ywaj\u0105cym rodzajem zaj\u0119\u0107, s\u0105 zaj\u0119cia j\u0119zykowe. Wa\u017cne jest jednak to, \u017ceby nie przesadzi\u0107. J\u0119zyk polski uwa\u017cany jest za dosy\u0107 trudny, warto u\u0142atwi\u0107 ciut dziecku przyswajanie naszej mowy brakiem zbytniego rozproszenia i ograniczenia si\u0119 do drugiego j\u0119zyka. Chyba, \u017ce rodzina ze wzgl\u0119du na pochodzenie rodzic\u00f3w operuje kilkoma j\u0119zykami. Naturalne w \u017cyciu wykorzystanie j\u0119zyka zadzia\u0142a bardzo pozytywnie na wieloj\u0119zyczno\u015b\u0107 naszego dziecka. Pozytywny stosunek do j\u0119zyka obcego jest bardzo wa\u017cny. W wieku przedszkolnym ka\u017cda nauka odbywa si\u0119 poprzez zabaw\u0119, takie pozytywne skojarzenie nauki j\u0119zyka u\u0142atwi j\u0105 na p\u00f3\u017aniejszym etapie edukacji.<\/p>\n\n\n\n<p class=\"eplus-wrapper wp-block-paragraph\">W moim rankingu trzecie miejsce zajmuj\u0105 wszelkiego rodzaju zaj\u0119cia dodatkowe artystyczne, kt\u00f3re rozwijaj\u0105 motoryk\u0119 ma\u0142\u0105, r\u00f3wnolegle wp\u0142ywaj\u0105c na rozw\u00f3j sfery m\u00f3zgu odpowiedzialnej za mow\u0119.<\/p>\n\n\n\n<p class=\"eplus-wrapper wp-block-paragraph\">Kolejne to zaj\u0119cia og\u00f3lnorozwojowe, wp\u0142ywaj\u0105ce na my\u015blenie logiczne oraz konstrukcyjno-przestrzenne, takie jak szachy, robotyka, budowanie z klock\u00f3w oraz wszelkiego rodzaju zaj\u0119cia muzyczne. Zebra\u0142am ostatnio opinie od nauczycieli matematyki na r\u00f3\u017cnych etapach edukacji i wszyscy jednog\u0142o\u015bnie uwa\u017caj\u0105, \u017ce kompetencje matematyczne mocno u dzieci spadaj\u0105. <\/p>\n\n\n\n<h3 class=\" wp-block-heading eplus-wrapper\">Kiedy odpuszczamy, a kiedy konsekwentnie motywujemy dziecko do zaj\u0119\u0107 dodatkowych?<\/h3>\n\n\n\n<p class=\"eplus-wrapper wp-block-paragraph\">G\u0142\u00f3wn\u0105 zasad\u0105 w psychologii jest granica wieku 12 lat. Do dwunastego roku \u017cycia pozwalamy dzieciom na eksperymentowanie i szukanie swojej ulubionej dziedziny. Powy\u017cej 12. roku \u017cycia, je\u017celi widzimy \u017ce dziecko z\u0142apa\u0142o \u201ebakcyla\u201d i wykazuje predyspozycje do danego sportu czy aktywno\u015bci, konsekwentnie motywujemy je do tego dalej.<\/p>\n\n\n\n<p class=\"eplus-wrapper wp-block-paragraph\">Dla mnie wa\u017cna jest obserwacja dzieci. Podchodz\u0119 do dzieci\u0144stwa z otwartym pytaniem do siebie: jak ja bym chcia\u0142a, \u017ceby wygl\u0105da\u0142o m\u00f3j dzieci\u0144stwo? Mnie szczeg\u00f3lnie bliskie jest podej\u015bcie, \u017ce mottem dzieci\u0144stwa powinna by\u0107 mikro i makro przygoda, na wz\u00f3r \u201eDzieci z Bullerbyn\u201d.<\/p>\n","protected":false},"excerpt":"Wybierasz przedszkole z ambitnym planem zaj\u0119\u0107: j\u0119zykiem angielskim (jako wyk\u0142adowym), hiszpa\u0144skim, francuskim i chi\u0144skim. Opr\u00f3cz tego co tydzie\u0144 garncarstwo, judo, szachy, taniec, flamenco, gra na skrzypcach. Przecie\u017c trzeba wykorzysta\u0107 okres \u017cycia dziecka, w kt\u00f3rym m\u00f3zg ch\u0142onie jak g\u0105bka. ","author":47,"featured_media":6121,"comment_status":"open","ping_status":"open","sticky":false,"template":"","format":"standard","meta":{"inline_featured_image":false,"editor_plus_copied_stylings":"{}","footnotes":""},"categories":[1],"tags":[170,274,1044],"class_list":["post-6117","post","type-post","status-publish","format-standard","has-post-thumbnail","hentry","category-mama","tag-dziecko","tag-wychowanie","tag-zajecia-dodatkowe"],"yoast_head":"<!-- This site is optimized with the Yoast SEO plugin v25.7 - https:\/\/yoast.com\/wordpress\/plugins\/seo\/ -->\n<title>Zaj\u0119cia dodatkowe - kiedy powiedzie\u0107 dosy\u0107? - Supermama<\/title>\n<meta name=\"robots\" content=\"index, follow, max-snippet:-1, max-image-preview:large, max-video-preview:-1\" \/>\n<link rel=\"canonical\" href=\"https:\/\/supermama.edu.pl\/zajecia-dodatkowe-kiedy-powiedziec-dosyc\/\" \/>\n<meta property=\"og:locale\" content=\"pl_PL\" \/>\n<meta property=\"og:type\" content=\"article\" \/>\n<meta property=\"og:title\" content=\"Zaj\u0119cia dodatkowe - kiedy powiedzie\u0107 dosy\u0107? - Supermama\" \/>\n<meta property=\"og:description\" content=\"Wybierasz przedszkole z ambitnym planem zaj\u0119\u0107: j\u0119zykiem angielskim (jako wyk\u0142adowym), hiszpa\u0144skim, francuskim i chi\u0144skim. Opr\u00f3cz tego co tydzie\u0144 garncarstwo, judo, szachy, taniec, flamenco, gra na skrzypcach. Przecie\u017c trzeba wykorzysta\u0107 okres \u017cycia dziecka, w kt\u00f3rym m\u00f3zg ch\u0142onie jak g\u0105bka.\" \/>\n<meta property=\"og:url\" content=\"https:\/\/supermama.edu.pl\/zajecia-dodatkowe-kiedy-powiedziec-dosyc\/\" \/>\n<meta property=\"og:site_name\" content=\"Supermama\" \/>\n<meta property=\"article:published_time\" content=\"2023-11-20T06:02:00+00:00\" \/>\n<meta property=\"article:modified_time\" content=\"2024-07-15T11:47:46+00:00\" \/>\n<meta property=\"og:image\" content=\"https:\/\/supermama.edu.pl\/wp-content\/uploads\/2024\/04\/zajecia-dodatkowe.png\" \/>\n\t<meta property=\"og:image:width\" content=\"2050\" \/>\n\t<meta property=\"og:image:height\" content=\"780\" \/>\n\t<meta property=\"og:image:type\" content=\"image\/png\" \/>\n<meta name=\"author\" content=\"Miros\u0142awa Wolnik\" \/>\n<meta name=\"twitter:card\" content=\"summary_large_image\" \/>\n<meta name=\"twitter:label1\" content=\"Napisane przez\" \/>\n\t<meta name=\"twitter:data1\" content=\"Miros\u0142awa Wolnik\" \/>\n\t<meta name=\"twitter:label2\" content=\"Szacowany czas czytania\" \/>\n\t<meta name=\"twitter:data2\" content=\"6 minut\" \/>\n<script type=\"application\/ld+json\" class=\"yoast-schema-graph\">{\"@context\":\"https:\/\/schema.org\",\"@graph\":[{\"@type\":\"WebPage\",\"@id\":\"https:\/\/supermama.edu.pl\/zajecia-dodatkowe-kiedy-powiedziec-dosyc\/\",\"url\":\"https:\/\/supermama.edu.pl\/zajecia-dodatkowe-kiedy-powiedziec-dosyc\/\",\"name\":\"Zaj\u0119cia dodatkowe - kiedy powiedzie\u0107 dosy\u0107? - Supermama\",\"isPartOf\":{\"@id\":\"https:\/\/supermama.edu.pl\/#website\"},\"primaryImageOfPage\":{\"@id\":\"https:\/\/supermama.edu.pl\/zajecia-dodatkowe-kiedy-powiedziec-dosyc\/#primaryimage\"},\"image\":{\"@id\":\"https:\/\/supermama.edu.pl\/zajecia-dodatkowe-kiedy-powiedziec-dosyc\/#primaryimage\"},\"thumbnailUrl\":\"https:\/\/supermama.edu.pl\/wp-content\/uploads\/2024\/04\/zajecia-dodatkowe.png\",\"datePublished\":\"2023-11-20T06:02:00+00:00\",\"dateModified\":\"2024-07-15T11:47:46+00:00\",\"author\":{\"@id\":\"https:\/\/supermama.edu.pl\/#\/schema\/person\/da312b41c237a41b0437f33ae1c5447b\"},\"breadcrumb\":{\"@id\":\"https:\/\/supermama.edu.pl\/zajecia-dodatkowe-kiedy-powiedziec-dosyc\/#breadcrumb\"},\"inLanguage\":\"pl-PL\",\"potentialAction\":[{\"@type\":\"ReadAction\",\"target\":[\"https:\/\/supermama.edu.pl\/zajecia-dodatkowe-kiedy-powiedziec-dosyc\/\"]}]},{\"@type\":\"ImageObject\",\"inLanguage\":\"pl-PL\",\"@id\":\"https:\/\/supermama.edu.pl\/zajecia-dodatkowe-kiedy-powiedziec-dosyc\/#primaryimage\",\"url\":\"https:\/\/supermama.edu.pl\/wp-content\/uploads\/2024\/04\/zajecia-dodatkowe.png\",\"contentUrl\":\"https:\/\/supermama.edu.pl\/wp-content\/uploads\/2024\/04\/zajecia-dodatkowe.png\",\"width\":2050,\"height\":780},{\"@type\":\"BreadcrumbList\",\"@id\":\"https:\/\/supermama.edu.pl\/zajecia-dodatkowe-kiedy-powiedziec-dosyc\/#breadcrumb\",\"itemListElement\":[{\"@type\":\"ListItem\",\"position\":1,\"name\":\"Strona g\u0142\u00f3wna\",\"item\":\"https:\/\/supermama.edu.pl\/\"},{\"@type\":\"ListItem\",\"position\":2,\"name\":\"Mama\",\"item\":\"https:\/\/supermama.edu.pl\/blog\/mama\/\"},{\"@type\":\"ListItem\",\"position\":3,\"name\":\"Zaj\u0119cia dodatkowe &#8211; kiedy powiedzie\u0107 dosy\u0107?\"}]},{\"@type\":\"WebSite\",\"@id\":\"https:\/\/supermama.edu.pl\/#website\",\"url\":\"https:\/\/supermama.edu.pl\/\",\"name\":\"Supermama\",\"description\":\"Ma\u0142a wielka edukacja\",\"potentialAction\":[{\"@type\":\"SearchAction\",\"target\":{\"@type\":\"EntryPoint\",\"urlTemplate\":\"https:\/\/supermama.edu.pl\/?s={search_term_string}\"},\"query-input\":{\"@type\":\"PropertyValueSpecification\",\"valueRequired\":true,\"valueName\":\"search_term_string\"}}],\"inLanguage\":\"pl-PL\"},{\"@type\":\"Person\",\"@id\":\"https:\/\/supermama.edu.pl\/#\/schema\/person\/da312b41c237a41b0437f33ae1c5447b\",\"name\":\"Miros\u0142awa Wolnik\",\"image\":{\"@type\":\"ImageObject\",\"inLanguage\":\"pl-PL\",\"@id\":\"https:\/\/supermama.edu.pl\/#\/schema\/person\/image\/\",\"url\":\"https:\/\/secure.gravatar.com\/avatar\/2228e9ee31a164124c884a698e9dab129dca2278763bb4d5eb423a027aab1c37?s=96&d=mm&r=g\",\"contentUrl\":\"https:\/\/secure.gravatar.com\/avatar\/2228e9ee31a164124c884a698e9dab129dca2278763bb4d5eb423a027aab1c37?s=96&d=mm&r=g\",\"caption\":\"Miros\u0142awa Wolnik\"},\"description\":\"Mama 4 dzieci, z wykszta\u0142cenia i zami\u0142owania pedagog, tutor. Od 2009 roku realizuje swoj\u0105 pasj\u0119 pracy z dzie\u0107mi, prowadz\u0105c przedszkole Przystanek Przygoda, a od 2019 roku dodatkowo prowadz\u0105c Fundacj\u0119 Moja Przygoda. Propagatorka teorii g\u0142osz\u0105cej, \u017ce kluczem do wychowania, jest akceptacja, wsparcie, uwa\u017cne towarzyszenie oraz wielozmys\u0142owe poznawanie \u015bwiata. Uczy swoich podopiecznych patrzenia na \u015bwiat szeroko otwartymi oczami oraz podchodzenia do \u017cycia, jak do przygody. Wierzy, \u017ce otwarta komunikacja i dobre przygotowanie do r\u00f3l, kt\u00f3re pe\u0142nimy w spo\u0142ecze\u0144stwie to podstawa, st\u0105d obecno\u015b\u0107 w Supermamie.\"}]}<\/script>\n<!-- \/ Yoast SEO plugin. -->","yoast_head_json":{"title":"Zaj\u0119cia dodatkowe - kiedy powiedzie\u0107 dosy\u0107? - Supermama","robots":{"index":"index","follow":"follow","max-snippet":"max-snippet:-1","max-image-preview":"max-image-preview:large","max-video-preview":"max-video-preview:-1"},"canonical":"https:\/\/supermama.edu.pl\/zajecia-dodatkowe-kiedy-powiedziec-dosyc\/","og_locale":"pl_PL","og_type":"article","og_title":"Zaj\u0119cia dodatkowe - kiedy powiedzie\u0107 dosy\u0107? - Supermama","og_description":"Wybierasz przedszkole z ambitnym planem zaj\u0119\u0107: j\u0119zykiem angielskim (jako wyk\u0142adowym), hiszpa\u0144skim, francuskim i chi\u0144skim. Opr\u00f3cz tego co tydzie\u0144 garncarstwo, judo, szachy, taniec, flamenco, gra na skrzypcach. Przecie\u017c trzeba wykorzysta\u0107 okres \u017cycia dziecka, w kt\u00f3rym m\u00f3zg ch\u0142onie jak g\u0105bka.","og_url":"https:\/\/supermama.edu.pl\/zajecia-dodatkowe-kiedy-powiedziec-dosyc\/","og_site_name":"Supermama","article_published_time":"2023-11-20T06:02:00+00:00","article_modified_time":"2024-07-15T11:47:46+00:00","og_image":[{"width":2050,"height":780,"url":"https:\/\/supermama.edu.pl\/wp-content\/uploads\/2024\/04\/zajecia-dodatkowe.png","type":"image\/png"}],"author":"Miros\u0142awa Wolnik","twitter_card":"summary_large_image","twitter_misc":{"Napisane przez":"Miros\u0142awa Wolnik","Szacowany czas czytania":"6 minut"},"schema":{"@context":"https:\/\/schema.org","@graph":[{"@type":"WebPage","@id":"https:\/\/supermama.edu.pl\/zajecia-dodatkowe-kiedy-powiedziec-dosyc\/","url":"https:\/\/supermama.edu.pl\/zajecia-dodatkowe-kiedy-powiedziec-dosyc\/","name":"Zaj\u0119cia dodatkowe - kiedy powiedzie\u0107 dosy\u0107? - Supermama","isPartOf":{"@id":"https:\/\/supermama.edu.pl\/#website"},"primaryImageOfPage":{"@id":"https:\/\/supermama.edu.pl\/zajecia-dodatkowe-kiedy-powiedziec-dosyc\/#primaryimage"},"image":{"@id":"https:\/\/supermama.edu.pl\/zajecia-dodatkowe-kiedy-powiedziec-dosyc\/#primaryimage"},"thumbnailUrl":"https:\/\/supermama.edu.pl\/wp-content\/uploads\/2024\/04\/zajecia-dodatkowe.png","datePublished":"2023-11-20T06:02:00+00:00","dateModified":"2024-07-15T11:47:46+00:00","author":{"@id":"https:\/\/supermama.edu.pl\/#\/schema\/person\/da312b41c237a41b0437f33ae1c5447b"},"breadcrumb":{"@id":"https:\/\/supermama.edu.pl\/zajecia-dodatkowe-kiedy-powiedziec-dosyc\/#breadcrumb"},"inLanguage":"pl-PL","potentialAction":[{"@type":"ReadAction","target":["https:\/\/supermama.edu.pl\/zajecia-dodatkowe-kiedy-powiedziec-dosyc\/"]}]},{"@type":"ImageObject","inLanguage":"pl-PL","@id":"https:\/\/supermama.edu.pl\/zajecia-dodatkowe-kiedy-powiedziec-dosyc\/#primaryimage","url":"https:\/\/supermama.edu.pl\/wp-content\/uploads\/2024\/04\/zajecia-dodatkowe.png","contentUrl":"https:\/\/supermama.edu.pl\/wp-content\/uploads\/2024\/04\/zajecia-dodatkowe.png","width":2050,"height":780},{"@type":"BreadcrumbList","@id":"https:\/\/supermama.edu.pl\/zajecia-dodatkowe-kiedy-powiedziec-dosyc\/#breadcrumb","itemListElement":[{"@type":"ListItem","position":1,"name":"Strona g\u0142\u00f3wna","item":"https:\/\/supermama.edu.pl\/"},{"@type":"ListItem","position":2,"name":"Mama","item":"https:\/\/supermama.edu.pl\/blog\/mama\/"},{"@type":"ListItem","position":3,"name":"Zaj\u0119cia dodatkowe &#8211; kiedy powiedzie\u0107 dosy\u0107?"}]},{"@type":"WebSite","@id":"https:\/\/supermama.edu.pl\/#website","url":"https:\/\/supermama.edu.pl\/","name":"Supermama","description":"Ma\u0142a wielka edukacja","potentialAction":[{"@type":"SearchAction","target":{"@type":"EntryPoint","urlTemplate":"https:\/\/supermama.edu.pl\/?s={search_term_string}"},"query-input":{"@type":"PropertyValueSpecification","valueRequired":true,"valueName":"search_term_string"}}],"inLanguage":"pl-PL"},{"@type":"Person","@id":"https:\/\/supermama.edu.pl\/#\/schema\/person\/da312b41c237a41b0437f33ae1c5447b","name":"Miros\u0142awa Wolnik","image":{"@type":"ImageObject","inLanguage":"pl-PL","@id":"https:\/\/supermama.edu.pl\/#\/schema\/person\/image\/","url":"https:\/\/secure.gravatar.com\/avatar\/2228e9ee31a164124c884a698e9dab129dca2278763bb4d5eb423a027aab1c37?s=96&d=mm&r=g","contentUrl":"https:\/\/secure.gravatar.com\/avatar\/2228e9ee31a164124c884a698e9dab129dca2278763bb4d5eb423a027aab1c37?s=96&d=mm&r=g","caption":"Miros\u0142awa Wolnik"},"description":"Mama 4 dzieci, z wykszta\u0142cenia i zami\u0142owania pedagog, tutor. Od 2009 roku realizuje swoj\u0105 pasj\u0119 pracy z dzie\u0107mi, prowadz\u0105c przedszkole Przystanek Przygoda, a od 2019 roku dodatkowo prowadz\u0105c Fundacj\u0119 Moja Przygoda. Propagatorka teorii g\u0142osz\u0105cej, \u017ce kluczem do wychowania, jest akceptacja, wsparcie, uwa\u017cne towarzyszenie oraz wielozmys\u0142owe poznawanie \u015bwiata. Uczy swoich podopiecznych patrzenia na \u015bwiat szeroko otwartymi oczami oraz podchodzenia do \u017cycia, jak do przygody. Wierzy, \u017ce otwarta komunikacja i dobre przygotowanie do r\u00f3l, kt\u00f3re pe\u0142nimy w spo\u0142ecze\u0144stwie to podstawa, st\u0105d obecno\u015b\u0107 w Supermamie."}]}},"gutenberg_blocks":[{"blockName":"custom-styles","attrs":{"styles":""}},{"blockName":"core\/paragraph","attrs":{"className":"","epAnimationGeneratedClass":"edplus_anim-qKA3VG","epGeneratedClass":"eplus-wrapper"},"innerBlocks":[],"innerHTML":"\n<p class=\" eplus-wrapper\">My\u015blisz sobie, mo\u017ce to za ma\u0142o i zapisujesz je jeszcze na dodatkow\u0105 pi\u0142k\u0119 no\u017cn\u0105 \u2013 mo\u017ce zostanie drugim Lewandowskim? Balet- kto wie, mo\u017ce b\u0119dzie s\u0142awnym tancerzem oraz na arabski, poniewa\u017c mo\u017ce op\u0142aci si\u0119 handel z tym regionem \u015bwiata? Oczywi\u015bcie, lekko przekoloryzowa\u0142am, ale znam oferty przedszkoli dzia\u0142aj\u0105cych w ten spos\u00f3b.<\/p>\n","innerContent":["\n<p class=\" eplus-wrapper\">My\u015blisz sobie, mo\u017ce to za ma\u0142o i zapisujesz je jeszcze na dodatkow\u0105 pi\u0142k\u0119 no\u017cn\u0105 \u2013 mo\u017ce zostanie drugim Lewandowskim? Balet- kto wie, mo\u017ce b\u0119dzie s\u0142awnym tancerzem oraz na arabski, poniewa\u017c mo\u017ce op\u0142aci si\u0119 handel z tym regionem \u015bwiata? Oczywi\u015bcie, lekko przekoloryzowa\u0142am, ale znam oferty przedszkoli dzia\u0142aj\u0105cych w ten spos\u00f3b.<\/p>\n"]},{"blockName":"core\/heading","attrs":{"level":3,"className":"","epAnimationGeneratedClass":"edplus_anim-w2AG51","epGeneratedClass":"eplus-wrapper"},"innerBlocks":[],"innerHTML":"\n<h3 class=\" wp-block-heading eplus-wrapper\">Zaj\u0119cia dodatkowe - kiedy powiedzie\u0107 do\u015b\u0107?<\/h3>\n","innerContent":["\n<h3 class=\" wp-block-heading eplus-wrapper\">Zaj\u0119cia dodatkowe - kiedy powiedzie\u0107 do\u015b\u0107?<\/h3>\n"]},{"blockName":"core\/paragraph","attrs":{"className":"","epAnimationGeneratedClass":"edplus_anim-MrG6h9","epGeneratedClass":"eplus-wrapper"},"innerBlocks":[],"innerHTML":"\n<p class=\" eplus-wrapper\">Jestem osob\u0105, kt\u00f3ra lubi proponowa\u0107 swoim podopiecznym r\u00f3\u017cnorodne warsztaty oraz zaj\u0119cia dodatkowe, do wyboru. Trzeba jednak pami\u0119ta\u0107, \u017ce podstaw\u0105 codziennego dnia jest pewnego rodzaju stabilizacja, u\u0142o\u017cenie, kt\u00f3re daje nam poczucie bezpiecze\u0144stwa. Dok\u0142adnie tak samo jest w pracy. Wi\u0119kszo\u015b\u0107 z nas nie lubi monotonii, ale lubi wiedzie\u0107 na co mo\u017cemy liczy\u0107 w danym dniu. R\u00f3\u017cnorodno\u015b\u0107 w przypadku dzieci jest wa\u017cna pod k\u0105tem temat\u00f3w, jakie porusza si\u0119 w codziennym bloku dydaktycznym. Wychodz\u0119 z za\u0142o\u017cenia, \u017ce nie ma temat\u00f3w za trudnych. Je\u017celi nie umiem czego\u015b dzieciom prosto wyt\u0142umaczy\u0107 to znaczy, \u017ce sama tego do ko\u0144ca nie rozumiem. Wszechstronno\u015b\u0107 j\u0119zyka, kt\u00f3ry u\u017cywamy oraz zagadnie\u0144. kt\u00f3re omawiamy jest podstaw\u0105 budowania ciekawych \u015bwiata ludzi. Rozwojowo wa\u017cniejsze jest, w mojej ocenie, codzienne urozmaicenie tematyczne, a nie przebod\u017acowanie naszych podopiecznych ci\u0105giem zmieniaj\u0105cych si\u0119 cyklicznych zaj\u0119\u0107. To po prostu m\u0119czy i zbyt bardzo stymuluje uk\u0142ad nerwowy oraz zaburza integracj\u0119 sensoryczn\u0105 (o integracji sensorycznej pisa\u0142am <a href=\"https:\/\/supermama.expert\/2023\/11\/13\/integracja-sensoryczna-co-to-jest-i-jak-ja-wspierac\/\">tutaj<\/a>). <\/p>\n","innerContent":["\n<p class=\" eplus-wrapper\">Jestem osob\u0105, kt\u00f3ra lubi proponowa\u0107 swoim podopiecznym r\u00f3\u017cnorodne warsztaty oraz zaj\u0119cia dodatkowe, do wyboru. Trzeba jednak pami\u0119ta\u0107, \u017ce podstaw\u0105 codziennego dnia jest pewnego rodzaju stabilizacja, u\u0142o\u017cenie, kt\u00f3re daje nam poczucie bezpiecze\u0144stwa. Dok\u0142adnie tak samo jest w pracy. Wi\u0119kszo\u015b\u0107 z nas nie lubi monotonii, ale lubi wiedzie\u0107 na co mo\u017cemy liczy\u0107 w danym dniu. R\u00f3\u017cnorodno\u015b\u0107 w przypadku dzieci jest wa\u017cna pod k\u0105tem temat\u00f3w, jakie porusza si\u0119 w codziennym bloku dydaktycznym. Wychodz\u0119 z za\u0142o\u017cenia, \u017ce nie ma temat\u00f3w za trudnych. Je\u017celi nie umiem czego\u015b dzieciom prosto wyt\u0142umaczy\u0107 to znaczy, \u017ce sama tego do ko\u0144ca nie rozumiem. Wszechstronno\u015b\u0107 j\u0119zyka, kt\u00f3ry u\u017cywamy oraz zagadnie\u0144. kt\u00f3re omawiamy jest podstaw\u0105 budowania ciekawych \u015bwiata ludzi. Rozwojowo wa\u017cniejsze jest, w mojej ocenie, codzienne urozmaicenie tematyczne, a nie przebod\u017acowanie naszych podopiecznych ci\u0105giem zmieniaj\u0105cych si\u0119 cyklicznych zaj\u0119\u0107. To po prostu m\u0119czy i zbyt bardzo stymuluje uk\u0142ad nerwowy oraz zaburza integracj\u0119 sensoryczn\u0105 (o integracji sensorycznej pisa\u0142am <a href=\"https:\/\/supermama.expert\/2023\/11\/13\/integracja-sensoryczna-co-to-jest-i-jak-ja-wspierac\/\">tutaj<\/a>). <\/p>\n"]},{"blockName":"core\/image","attrs":{"id":8361,"sizeSlug":"large","linkDestination":"none","className":"","epAnimationGeneratedClass":"edplus_anim-s7wcFY","epGeneratedClass":"eplus-wrapper"},"innerBlocks":[],"innerHTML":"\n<figure class=\" wp-block-image size-large eplus-wrapper\"><img src=\"https:\/\/supermama.edu.pl\/wp-content\/uploads\/2024\/04\/przedszkolaki-1024x640-1.png\" alt=\"\" class=\"wp-image-8361\"\/><\/figure>\n","innerContent":["\n<figure class=\" wp-block-image size-large eplus-wrapper\"><img src=\"https:\/\/supermama.edu.pl\/wp-content\/uploads\/2024\/04\/przedszkolaki-1024x640-1.png\" alt=\"\" class=\"wp-image-8361\"\/><\/figure>\n"]},{"blockName":"core\/paragraph","attrs":{"className":"","epAnimationGeneratedClass":"edplus_anim-WTvGAC","epGeneratedClass":"eplus-wrapper"},"innerBlocks":[],"innerHTML":"\n<p class=\" eplus-wrapper\">W mojej ocenie, stoimy u bram kolejnej \u201erewolucji technologicznej\u201d. Cz\u0142owieka zast\u0119puje sztuczna inteligencja w kwestiach i zawodach, kt\u00f3rych wcze\u015bniej, my zwykli \u015bmiertelnicy, nie przewidzieli\u015bmy. Jaka jest w takim razie nasza przysz\u0142o\u015b\u0107 jako ludzi? Gdzie b\u0119d\u0105 pracowa\u0107 nasze dzieci?<\/p>\n","innerContent":["\n<p class=\" eplus-wrapper\">W mojej ocenie, stoimy u bram kolejnej \u201erewolucji technologicznej\u201d. Cz\u0142owieka zast\u0119puje sztuczna inteligencja w kwestiach i zawodach, kt\u00f3rych wcze\u015bniej, my zwykli \u015bmiertelnicy, nie przewidzieli\u015bmy. Jaka jest w takim razie nasza przysz\u0142o\u015b\u0107 jako ludzi? Gdzie b\u0119d\u0105 pracowa\u0107 nasze dzieci?<\/p>\n"]},{"blockName":"core\/paragraph","attrs":{"className":"","epAnimationGeneratedClass":"edplus_anim-Y5HBTi","epGeneratedClass":"eplus-wrapper"},"innerBlocks":[],"innerHTML":"\n<p class=\" eplus-wrapper\">Osobi\u015bcie uwa\u017cam, \u017ce praca, kt\u00f3r\u0105 mamy w tej chwili do wykonania my, jako rodzice oraz pedagodzy (szeroko rozumiani), to przekalibrowanie umiej\u0119tno\u015bci, kt\u00f3re maj\u0105 posiada\u0107 nasze dzieci. Patrz\u0105c na zmieniaj\u0105ce si\u0119 \u015brodowisko gospodarcze oraz technologiczne, stawiam na: kreatywno\u015b\u0107, tw\u00f3rczo\u015b\u0107 oraz elastyczno\u015b\u0107. Te cechy uznaj\u0119, za czo\u0142owe, jako optymaln\u0105 baz\u0119 dla naszych dzieci na przysz\u0142ym rynku pracy. Uwa\u017cam, \u017ce te cechy, jeszcze przez jaki\u015b czas b\u0119d\u0105 nieosi\u0105galne przez sztuczn\u0105 inteligencj\u0119. B\u0119d\u0105 wi\u0119c wysoko na listach os\u00f3b odpowiedzialnych za dzia\u0142 HR w instytucjach i przedsi\u0119biorstwach.<\/p>\n","innerContent":["\n<p class=\" eplus-wrapper\">Osobi\u015bcie uwa\u017cam, \u017ce praca, kt\u00f3r\u0105 mamy w tej chwili do wykonania my, jako rodzice oraz pedagodzy (szeroko rozumiani), to przekalibrowanie umiej\u0119tno\u015bci, kt\u00f3re maj\u0105 posiada\u0107 nasze dzieci. Patrz\u0105c na zmieniaj\u0105ce si\u0119 \u015brodowisko gospodarcze oraz technologiczne, stawiam na: kreatywno\u015b\u0107, tw\u00f3rczo\u015b\u0107 oraz elastyczno\u015b\u0107. Te cechy uznaj\u0119, za czo\u0142owe, jako optymaln\u0105 baz\u0119 dla naszych dzieci na przysz\u0142ym rynku pracy. Uwa\u017cam, \u017ce te cechy, jeszcze przez jaki\u015b czas b\u0119d\u0105 nieosi\u0105galne przez sztuczn\u0105 inteligencj\u0119. B\u0119d\u0105 wi\u0119c wysoko na listach os\u00f3b odpowiedzialnych za dzia\u0142 HR w instytucjach i przedsi\u0119biorstwach.<\/p>\n"]},{"blockName":"core\/heading","attrs":{"level":3,"className":"","epAnimationGeneratedClass":"edplus_anim-ew8LuS","epGeneratedClass":"eplus-wrapper"},"innerBlocks":[],"innerHTML":"\n<h3 class=\" wp-block-heading eplus-wrapper\">W takim razie jak tego dokona\u0107?<\/h3>\n","innerContent":["\n<h3 class=\" wp-block-heading eplus-wrapper\">W takim razie jak tego dokona\u0107?<\/h3>\n"]},{"blockName":"core\/paragraph","attrs":{"className":"","epAnimationGeneratedClass":"edplus_anim-Qof9wo","epGeneratedClass":"eplus-wrapper"},"innerBlocks":[],"innerHTML":"\n<p class=\" eplus-wrapper\">Kreatywno\u015b\u0107, tw\u00f3rczo\u015b\u0107 s\u0105 cechami, kt\u00f3re mo\u017cemy wy\u0107wiczy\u0107 i robimy to od male\u0144ko\u015bci. Cechy te bazuj\u0105 na zdobytej wiedzy. \u017beby m\u00f3c tworzy\u0107 i wymy\u015bla\u0107 nowe rozwi\u0105zania, trzeba najpierw zgromadzi\u0107 obszern\u0105 baz\u0119 danych. Przy wykorzystaniu kt\u00f3rej, stworzymy co\u015b nowego, cennego, innowacyjnego. Z tego powodu tak wa\u017cne jest czytanie i ogl\u0105danie z dzie\u0107mi przer\u00f3\u017cnych tematycznych ksi\u0105\u017cek. Wwyb\u00f3r na rynku r\u00f3\u017cnego rodzaju atlas\u00f3w, album\u00f3w dla dzieci jest ogromny. Dzi\u0119ki temu mo\u017cemy poszerza\u0107 razem z dzie\u0107mi s\u0142ownictwo, dotycz\u0105ce danego tematu. Mo\u017cemy dzieli\u0107 si\u0119 swoimi pasjami i hobby, chodzi\u0107 na wystawy oraz r\u00f3\u017cnego rodzaju przedstawienia. Na pocz\u0105tku, kiedy dzieci s\u0105 ma\u0142e proponujemy im bardzo r\u00f3\u017cnorodne tematy. W momencie kiedy widzimy, \u017ce s\u0105 czym\u015b szczeg\u00f3lnie zainteresowane i wykazuj\u0105 \u201etalent\u201d, zaw\u0119\u017camy tematyk\u0119.<\/p>\n","innerContent":["\n<p class=\" eplus-wrapper\">Kreatywno\u015b\u0107, tw\u00f3rczo\u015b\u0107 s\u0105 cechami, kt\u00f3re mo\u017cemy wy\u0107wiczy\u0107 i robimy to od male\u0144ko\u015bci. Cechy te bazuj\u0105 na zdobytej wiedzy. \u017beby m\u00f3c tworzy\u0107 i wymy\u015bla\u0107 nowe rozwi\u0105zania, trzeba najpierw zgromadzi\u0107 obszern\u0105 baz\u0119 danych. Przy wykorzystaniu kt\u00f3rej, stworzymy co\u015b nowego, cennego, innowacyjnego. Z tego powodu tak wa\u017cne jest czytanie i ogl\u0105danie z dzie\u0107mi przer\u00f3\u017cnych tematycznych ksi\u0105\u017cek. Wwyb\u00f3r na rynku r\u00f3\u017cnego rodzaju atlas\u00f3w, album\u00f3w dla dzieci jest ogromny. Dzi\u0119ki temu mo\u017cemy poszerza\u0107 razem z dzie\u0107mi s\u0142ownictwo, dotycz\u0105ce danego tematu. Mo\u017cemy dzieli\u0107 si\u0119 swoimi pasjami i hobby, chodzi\u0107 na wystawy oraz r\u00f3\u017cnego rodzaju przedstawienia. Na pocz\u0105tku, kiedy dzieci s\u0105 ma\u0142e proponujemy im bardzo r\u00f3\u017cnorodne tematy. W momencie kiedy widzimy, \u017ce s\u0105 czym\u015b szczeg\u00f3lnie zainteresowane i wykazuj\u0105 \u201etalent\u201d, zaw\u0119\u017camy tematyk\u0119.<\/p>\n"]},{"blockName":"core\/paragraph","attrs":{"className":"","epAnimationGeneratedClass":"edplus_anim-3yBHf2","epGeneratedClass":"eplus-wrapper"},"innerBlocks":[],"innerHTML":"\n<p class=\" eplus-wrapper\">W przedszkolu blok dydaktyczny powinien by\u0107 planowany podobnie. Warto porusza\u0107 r\u00f3\u017cne tematy, niekoniecznie tak oczywiste jak zmienno\u015b\u0107 natury, \u015bwi\u0119ta okoliczno\u015bciowe, ale r\u00f3wnie\u017c mniej oczywiste jak, s\u0142awni Polacy, kosmos, piramid\u0119 \u017cywieniow\u0105, \u017cywio\u0142y, inscenizacje wierszy dla dzieci, podstawowe prawa natury oraz proste prawa fizyczne i mechaniczne\u2026 Ogranicza nas tylko w\u0142asna wyobra\u017ania.<\/p>\n","innerContent":["\n<p class=\" eplus-wrapper\">W przedszkolu blok dydaktyczny powinien by\u0107 planowany podobnie. Warto porusza\u0107 r\u00f3\u017cne tematy, niekoniecznie tak oczywiste jak zmienno\u015b\u0107 natury, \u015bwi\u0119ta okoliczno\u015bciowe, ale r\u00f3wnie\u017c mniej oczywiste jak, s\u0142awni Polacy, kosmos, piramid\u0119 \u017cywieniow\u0105, \u017cywio\u0142y, inscenizacje wierszy dla dzieci, podstawowe prawa natury oraz proste prawa fizyczne i mechaniczne\u2026 Ogranicza nas tylko w\u0142asna wyobra\u017ania.<\/p>\n"]},{"blockName":"core\/paragraph","attrs":{"className":"","epAnimationGeneratedClass":"edplus_anim-7SIUxd","epGeneratedClass":"eplus-wrapper"},"innerBlocks":[],"innerHTML":"\n<p class=\" eplus-wrapper\">Nieocenione jest r\u00f3wnie\u017c w budowaniu wyobra\u017ani, kt\u00f3ra jest sprz\u0119\u017cona z kreatywno\u015bci\u0105: le\u017cenie w ciszy i obserwowanie przep\u0142ywaj\u0105cych po niebie chmur, czas wolny na \u201ekombinowanie\u201d i eksperymentowanie, marzenie i g\u0142\u00f3wkowanie co mo\u017cna zrobi\u0107 nieoczywistego z przedmiot\u00f3w dost\u0119pnych wok\u00f3\u0142.<\/p>\n","innerContent":["\n<p class=\" eplus-wrapper\">Nieocenione jest r\u00f3wnie\u017c w budowaniu wyobra\u017ani, kt\u00f3ra jest sprz\u0119\u017cona z kreatywno\u015bci\u0105: le\u017cenie w ciszy i obserwowanie przep\u0142ywaj\u0105cych po niebie chmur, czas wolny na \u201ekombinowanie\u201d i eksperymentowanie, marzenie i g\u0142\u00f3wkowanie co mo\u017cna zrobi\u0107 nieoczywistego z przedmiot\u00f3w dost\u0119pnych wok\u00f3\u0142.<\/p>\n"]},{"blockName":"core\/heading","attrs":{"level":3,"className":"","epAnimationGeneratedClass":"edplus_anim-payRFa","epGeneratedClass":"eplus-wrapper"},"innerBlocks":[],"innerHTML":"\n<h3 class=\" wp-block-heading eplus-wrapper\">Czym si\u0119 kierowa\u0107 wybieraj\u0105c zaj\u0119cia dodatkowe?<\/h3>\n","innerContent":["\n<h3 class=\" wp-block-heading eplus-wrapper\">Czym si\u0119 kierowa\u0107 wybieraj\u0105c zaj\u0119cia dodatkowe?<\/h3>\n"]},{"blockName":"core\/paragraph","attrs":{"className":"","epAnimationGeneratedClass":"edplus_anim-ell4QB","epGeneratedClass":"eplus-wrapper"},"innerBlocks":[],"innerHTML":"\n<p class=\" eplus-wrapper\">Moim kluczem jest zaopiekowanie si\u0119 podstawowymi kompetencjami cz\u0142owieka: rozwojem ruchowym, emocjonalnym, j\u0119zykowym, logiczno-matematycznym, artystycznym, wp\u0142ywaj\u0105cym na poczucie pi\u0119kna. <\/p>\n","innerContent":["\n<p class=\" eplus-wrapper\">Moim kluczem jest zaopiekowanie si\u0119 podstawowymi kompetencjami cz\u0142owieka: rozwojem ruchowym, emocjonalnym, j\u0119zykowym, logiczno-matematycznym, artystycznym, wp\u0142ywaj\u0105cym na poczucie pi\u0119kna. <\/p>\n"]},{"blockName":"core\/paragraph","attrs":{"className":"","epAnimationGeneratedClass":"edplus_anim-Mk7oc8","epGeneratedClass":"eplus-wrapper"},"innerBlocks":[],"innerHTML":"\n<p class=\" eplus-wrapper\">Uwa\u017cam, \u017ce u dzieci w wieku 3-6 lat przede wszystkim najwa\u017cniejszy jest rozw\u00f3j motoryczny, czyli wszelkiego rodzaju zaj\u0119cia ruchowe, KT\u00d3RE ZAINTERESUJ\u0104 DZIECKO (nie przenosimy swoich niezrealizowanych marze\u0144 i aspiracji na dzieci!). Nie zaobserwowano, aby nadmiar zaj\u0119\u0107 ruchowych, szczeg\u00f3lnie u dzieci aktywnych ruchowo wp\u0142ywa\u0142 negatywnie na rozw\u00f3j. Trzeba jednak pami\u0119ta\u0107 o tym, \u017ceby zachowa\u0107 odpowiedni czas mi\u0119dzy intensywn\u0105 aktywno\u015bci\u0105 ruchow\u0105, a snem. Jest to warunkiem regeneruj\u0105cego odpoczynku nocnego, w czasie kt\u00f3rego m\u00f3zg musi mie\u0107 czas na spokojne przeanalizowanie i zapisanie wszystkich informacji z dnia.<\/p>\n","innerContent":["\n<p class=\" eplus-wrapper\">Uwa\u017cam, \u017ce u dzieci w wieku 3-6 lat przede wszystkim najwa\u017cniejszy jest rozw\u00f3j motoryczny, czyli wszelkiego rodzaju zaj\u0119cia ruchowe, KT\u00d3RE ZAINTERESUJ\u0104 DZIECKO (nie przenosimy swoich niezrealizowanych marze\u0144 i aspiracji na dzieci!). Nie zaobserwowano, aby nadmiar zaj\u0119\u0107 ruchowych, szczeg\u00f3lnie u dzieci aktywnych ruchowo wp\u0142ywa\u0142 negatywnie na rozw\u00f3j. Trzeba jednak pami\u0119ta\u0107 o tym, \u017ceby zachowa\u0107 odpowiedni czas mi\u0119dzy intensywn\u0105 aktywno\u015bci\u0105 ruchow\u0105, a snem. Jest to warunkiem regeneruj\u0105cego odpoczynku nocnego, w czasie kt\u00f3rego m\u00f3zg musi mie\u0107 czas na spokojne przeanalizowanie i zapisanie wszystkich informacji z dnia.<\/p>\n"]},{"blockName":"core\/image","attrs":{"id":8362,"sizeSlug":"large","linkDestination":"none","className":"","epAnimationGeneratedClass":"edplus_anim-2Es3bX","epGeneratedClass":"eplus-wrapper"},"innerBlocks":[],"innerHTML":"\n<figure class=\" wp-block-image size-large eplus-wrapper\"><img src=\"https:\/\/supermama.edu.pl\/wp-content\/uploads\/2024\/04\/zajecia-fizyczne-1024x640-1.png\" alt=\"\" class=\"wp-image-8362\"\/><\/figure>\n","innerContent":["\n<figure class=\" wp-block-image size-large eplus-wrapper\"><img src=\"https:\/\/supermama.edu.pl\/wp-content\/uploads\/2024\/04\/zajecia-fizyczne-1024x640-1.png\" alt=\"\" class=\"wp-image-8362\"\/><\/figure>\n"]},{"blockName":"core\/paragraph","attrs":{"className":"","epAnimationGeneratedClass":"edplus_anim-EihWOe","epGeneratedClass":"eplus-wrapper"},"innerBlocks":[],"innerHTML":"\n<p class=\" eplus-wrapper\">Drugim bardzo pozytywnie wp\u0142ywaj\u0105cym rodzajem zaj\u0119\u0107, s\u0105 zaj\u0119cia j\u0119zykowe. Wa\u017cne jest jednak to, \u017ceby nie przesadzi\u0107. J\u0119zyk polski uwa\u017cany jest za dosy\u0107 trudny, warto u\u0142atwi\u0107 ciut dziecku przyswajanie naszej mowy brakiem zbytniego rozproszenia i ograniczenia si\u0119 do drugiego j\u0119zyka. Chyba, \u017ce rodzina ze wzgl\u0119du na pochodzenie rodzic\u00f3w operuje kilkoma j\u0119zykami. Naturalne w \u017cyciu wykorzystanie j\u0119zyka zadzia\u0142a bardzo pozytywnie na wieloj\u0119zyczno\u015b\u0107 naszego dziecka. Pozytywny stosunek do j\u0119zyka obcego jest bardzo wa\u017cny. W wieku przedszkolnym ka\u017cda nauka odbywa si\u0119 poprzez zabaw\u0119, takie pozytywne skojarzenie nauki j\u0119zyka u\u0142atwi j\u0105 na p\u00f3\u017aniejszym etapie edukacji.<\/p>\n","innerContent":["\n<p class=\" eplus-wrapper\">Drugim bardzo pozytywnie wp\u0142ywaj\u0105cym rodzajem zaj\u0119\u0107, s\u0105 zaj\u0119cia j\u0119zykowe. Wa\u017cne jest jednak to, \u017ceby nie przesadzi\u0107. J\u0119zyk polski uwa\u017cany jest za dosy\u0107 trudny, warto u\u0142atwi\u0107 ciut dziecku przyswajanie naszej mowy brakiem zbytniego rozproszenia i ograniczenia si\u0119 do drugiego j\u0119zyka. Chyba, \u017ce rodzina ze wzgl\u0119du na pochodzenie rodzic\u00f3w operuje kilkoma j\u0119zykami. Naturalne w \u017cyciu wykorzystanie j\u0119zyka zadzia\u0142a bardzo pozytywnie na wieloj\u0119zyczno\u015b\u0107 naszego dziecka. Pozytywny stosunek do j\u0119zyka obcego jest bardzo wa\u017cny. W wieku przedszkolnym ka\u017cda nauka odbywa si\u0119 poprzez zabaw\u0119, takie pozytywne skojarzenie nauki j\u0119zyka u\u0142atwi j\u0105 na p\u00f3\u017aniejszym etapie edukacji.<\/p>\n"]},{"blockName":"core\/paragraph","attrs":{"className":"","epAnimationGeneratedClass":"edplus_anim-f2SfDS","epGeneratedClass":"eplus-wrapper"},"innerBlocks":[],"innerHTML":"\n<p class=\" eplus-wrapper\">W moim rankingu trzecie miejsce zajmuj\u0105 wszelkiego rodzaju zaj\u0119cia dodatkowe artystyczne, kt\u00f3re rozwijaj\u0105 motoryk\u0119 ma\u0142\u0105, r\u00f3wnolegle wp\u0142ywaj\u0105c na rozw\u00f3j sfery m\u00f3zgu odpowiedzialnej za mow\u0119.<\/p>\n","innerContent":["\n<p class=\" eplus-wrapper\">W moim rankingu trzecie miejsce zajmuj\u0105 wszelkiego rodzaju zaj\u0119cia dodatkowe artystyczne, kt\u00f3re rozwijaj\u0105 motoryk\u0119 ma\u0142\u0105, r\u00f3wnolegle wp\u0142ywaj\u0105c na rozw\u00f3j sfery m\u00f3zgu odpowiedzialnej za mow\u0119.<\/p>\n"]},{"blockName":"core\/paragraph","attrs":{"className":"","epAnimationGeneratedClass":"edplus_anim-HhsItc","epGeneratedClass":"eplus-wrapper"},"innerBlocks":[],"innerHTML":"\n<p class=\" eplus-wrapper\">Kolejne to zaj\u0119cia og\u00f3lnorozwojowe, wp\u0142ywaj\u0105ce na my\u015blenie logiczne oraz konstrukcyjno-przestrzenne, takie jak szachy, robotyka, budowanie z klock\u00f3w oraz wszelkiego rodzaju zaj\u0119cia muzyczne. Zebra\u0142am ostatnio opinie od nauczycieli matematyki na r\u00f3\u017cnych etapach edukacji i wszyscy jednog\u0142o\u015bnie uwa\u017caj\u0105, \u017ce kompetencje matematyczne mocno u dzieci spadaj\u0105. <\/p>\n","innerContent":["\n<p class=\" eplus-wrapper\">Kolejne to zaj\u0119cia og\u00f3lnorozwojowe, wp\u0142ywaj\u0105ce na my\u015blenie logiczne oraz konstrukcyjno-przestrzenne, takie jak szachy, robotyka, budowanie z klock\u00f3w oraz wszelkiego rodzaju zaj\u0119cia muzyczne. Zebra\u0142am ostatnio opinie od nauczycieli matematyki na r\u00f3\u017cnych etapach edukacji i wszyscy jednog\u0142o\u015bnie uwa\u017caj\u0105, \u017ce kompetencje matematyczne mocno u dzieci spadaj\u0105. <\/p>\n"]},{"blockName":"core\/heading","attrs":{"level":3,"className":"","epAnimationGeneratedClass":"edplus_anim-EA8PFL","epGeneratedClass":"eplus-wrapper"},"innerBlocks":[],"innerHTML":"\n<h3 class=\" wp-block-heading eplus-wrapper\">Kiedy odpuszczamy, a kiedy konsekwentnie motywujemy dziecko do zaj\u0119\u0107 dodatkowych?<\/h3>\n","innerContent":["\n<h3 class=\" wp-block-heading eplus-wrapper\">Kiedy odpuszczamy, a kiedy konsekwentnie motywujemy dziecko do zaj\u0119\u0107 dodatkowych?<\/h3>\n"]},{"blockName":"core\/paragraph","attrs":{"className":"","epAnimationGeneratedClass":"edplus_anim-PlRoXf","epGeneratedClass":"eplus-wrapper"},"innerBlocks":[],"innerHTML":"\n<p class=\" eplus-wrapper\">G\u0142\u00f3wn\u0105 zasad\u0105 w psychologii jest granica wieku 12 lat. Do dwunastego roku \u017cycia pozwalamy dzieciom na eksperymentowanie i szukanie swojej ulubionej dziedziny. Powy\u017cej 12. roku \u017cycia, je\u017celi widzimy \u017ce dziecko z\u0142apa\u0142o \u201ebakcyla\u201d i wykazuje predyspozycje do danego sportu czy aktywno\u015bci, konsekwentnie motywujemy je do tego dalej.<\/p>\n","innerContent":["\n<p class=\" eplus-wrapper\">G\u0142\u00f3wn\u0105 zasad\u0105 w psychologii jest granica wieku 12 lat. Do dwunastego roku \u017cycia pozwalamy dzieciom na eksperymentowanie i szukanie swojej ulubionej dziedziny. Powy\u017cej 12. roku \u017cycia, je\u017celi widzimy \u017ce dziecko z\u0142apa\u0142o \u201ebakcyla\u201d i wykazuje predyspozycje do danego sportu czy aktywno\u015bci, konsekwentnie motywujemy je do tego dalej.<\/p>\n"]},{"blockName":"core\/paragraph","attrs":{"className":"","epAnimationGeneratedClass":"edplus_anim-ubIjRI","epGeneratedClass":"eplus-wrapper"},"innerBlocks":[],"innerHTML":"\n<p class=\" eplus-wrapper\">Dla mnie wa\u017cna jest obserwacja dzieci. Podchodz\u0119 do dzieci\u0144stwa z otwartym pytaniem do siebie: jak ja bym chcia\u0142a, \u017ceby wygl\u0105da\u0142o m\u00f3j dzieci\u0144stwo? Mnie szczeg\u00f3lnie bliskie jest podej\u015bcie, \u017ce mottem dzieci\u0144stwa powinna by\u0107 mikro i makro przygoda, na wz\u00f3r \u201eDzieci z Bullerbyn\u201d.<\/p>\n","innerContent":["\n<p class=\" eplus-wrapper\">Dla mnie wa\u017cna jest obserwacja dzieci. Podchodz\u0119 do dzieci\u0144stwa z otwartym pytaniem do siebie: jak ja bym chcia\u0142a, \u017ceby wygl\u0105da\u0142o m\u00f3j dzieci\u0144stwo? Mnie szczeg\u00f3lnie bliskie jest podej\u015bcie, \u017ce mottem dzieci\u0144stwa powinna by\u0107 mikro i makro przygoda, na wz\u00f3r \u201eDzieci z Bullerbyn\u201d.<\/p>\n"]}],"meta_data":{"label":"null","reading_time":"5","toc_selected_heading_levels":["h2"],"toc_enabled":true},"featured_image":{"url":"https:\/\/supermama.edu.pl\/wp-content\/uploads\/2024\/04\/zajecia-dodatkowe-1024x390.png"},"main_category":{"name":"Mama"},"prev_page":{"slug":"szpital-zyskal-na-likwidacji-porodowki-w-bytowie"},"next_page":{"slug":"niezwykly-porod-w-szpitalnej-windzie"},"acf":[],"_links":{"self":[{"href":"https:\/\/supermama.edu.pl\/index.php\/wp-json\/wp\/v2\/posts\/6117","targetHints":{"allow":["GET"]}}],"collection":[{"href":"https:\/\/supermama.edu.pl\/index.php\/wp-json\/wp\/v2\/posts"}],"about":[{"href":"https:\/\/supermama.edu.pl\/index.php\/wp-json\/wp\/v2\/types\/post"}],"author":[{"embeddable":true,"href":"https:\/\/supermama.edu.pl\/index.php\/wp-json\/wp\/v2\/users\/47"}],"replies":[{"embeddable":true,"href":"https:\/\/supermama.edu.pl\/index.php\/wp-json\/wp\/v2\/comments?post=6117"}],"version-history":[{"count":2,"href":"https:\/\/supermama.edu.pl\/index.php\/wp-json\/wp\/v2\/posts\/6117\/revisions"}],"predecessor-version":[{"id":7670,"href":"https:\/\/supermama.edu.pl\/index.php\/wp-json\/wp\/v2\/posts\/6117\/revisions\/7670"}],"wp:featuredmedia":[{"embeddable":true,"href":"https:\/\/supermama.edu.pl\/index.php\/wp-json\/wp\/v2\/media\/6121"}],"wp:attachment":[{"href":"https:\/\/supermama.edu.pl\/index.php\/wp-json\/wp\/v2\/media?parent=6117"}],"wp:term":[{"taxonomy":"category","embeddable":true,"href":"https:\/\/supermama.edu.pl\/index.php\/wp-json\/wp\/v2\/categories?post=6117"},{"taxonomy":"post_tag","embeddable":true,"href":"https:\/\/supermama.edu.pl\/index.php\/wp-json\/wp\/v2\/tags?post=6117"}],"curies":[{"name":"wp","href":"https:\/\/api.w.org\/{rel}","templated":true}]}}